{"id":538,"date":"2018-09-04T14:50:51","date_gmt":"2018-09-04T12:50:51","guid":{"rendered":"http:\/\/ubezpieczenia.berlin\/?p=538"},"modified":"2023-01-11T07:16:01","modified_gmt":"2023-01-11T06:16:01","slug":"ubezpieczenie-prawne","status":"publish","type":"post","link":"https:\/\/ubezpieczenia.berlin\/index.php\/2018\/09\/04\/ubezpieczenie-prawne\/","title":{"rendered":"Ubezpieczenie prawne"},"content":{"rendered":"<div id=\"comp-iumh3nxo\" class=\"txtNew\" data-packed=\"true\">\n<h2 class=\"font_2\"><strong>Ubezpieczenie ochrony prawnej &#8211; Rechtsschutzversicherung<\/strong><\/h2>\n<\/div>\n<div id=\"comp-iv5gihzv\" class=\"txtNew\" data-packed=\"true\">\n<p class=\"font_7\">Po\u015br\u00f3d opcjonalnych ubezpiecze\u0144, kt\u00f3re mo\u017cna wykupi\u0107 w Niemczech, znajduje si\u0119 Rechtsschutzversicherung. Zapewnia ono ochron\u0119 przed wydatkami zwi\u0105zanymi z uczestnictwem w procesach s\u0105dowych \u2013 na przyk\u0142ad kosztami wynaj\u0119cia prawnika, koszty s\u0105dowe, op\u0142acenie rzeczoznawcy itp.<\/p>\n<p>Istnieje kilka rodzaj\u00f3w polisy Rechtsschutzversicherung, kt\u00f3re s\u0105 dostosowane do obszar\u00f3w, jakich dotyczy konflikt mi\u0119dzy stronami:<\/p>\n<p>\u2013 Privatrechtsschutz: ma zastosowanie w sprawach z zakresu prawa cywilnego,<\/p>\n<p>\u2013 Verkehrsrechtsschutz: dotyczy posiadaczy pojazd\u00f3w, uczestnik\u00f3w ruchu rowerowego i pieszego, a tak\u017ce komunikacji miejskiej,<\/p>\n<p>\u2013 Berufsrechtsschutz: ma zastosowanie w przypadkach dotycz\u0105cych prawa pracy.<\/p>\n<p>\u2013 Wohnungsrechtsschutz: korzystaj\u0105 z niego w\u0142a\u015bciciele oraz wynajmuj\u0105cych lub najmuj\u0105cych mieszkanie lub dom.<\/p>\n<p>U naszych zachodnich s\u0105siad\u00f3w koszty zwi\u0105zane z procesami prawnymi potrafi\u0105 by\u0107 bardzo wysokie. Z ubezpieczenia Rechtsschutzversicherung mog\u0105 skorzysta\u0107 zar\u00f3wno osoby rozpoczynaj\u0105ce spraw\u0119 s\u0105dow\u0105, jak ci, przeciwko kt\u00f3rym proces jest wytaczany.<\/p>\n<p><a href=\"https:\/\/ubezpieczenia.berlin\/index.php\/kalkulator-ubezpieczenie-rechtsschutzversicherung\/\"><img loading=\"lazy\" decoding=\"async\" class=\"alignnone wp-image-904\" src=\"https:\/\/ubezpieczenia.berlin\/wp-content\/uploads\/2018\/09\/prawne-300x67.png\" alt=\"ubezpieczenie prawne w Niemczech\" width=\"403\" height=\"90\" srcset=\"https:\/\/ubezpieczenia.berlin\/wp-content\/uploads\/2018\/09\/prawne-300x67.png 300w, https:\/\/ubezpieczenia.berlin\/wp-content\/uploads\/2018\/09\/prawne.png 600w\" sizes=\"auto, (max-width: 403px) 100vw, 403px\" \/><\/a><\/p>\n<\/div>\n","protected":false},"excerpt":{"rendered":"<p>Ubezpieczenie ochrony prawnej &#8211; Rechtsschutzversicherung Po\u015br\u00f3d opcjonalnych ubezpiecze\u0144, kt\u00f3re mo\u017cna wykupi\u0107 w Niemczech, znajduje si\u0119 Rechtsschutzversicherung. Zapewnia ono ochron\u0119 przed wydatkami zwi\u0105zanymi z uczestnictwem w procesach s\u0105dowych \u2013 na przyk\u0142ad kosztami wynaj\u0119cia prawnika, koszty s\u0105dowe, op\u0142acenie rzeczoznawcy itp. Istnieje kilka rodzaj\u00f3w polisy Rechtsschutzversicherung, kt\u00f3re s\u0105 dostosowane do obszar\u00f3w, jakich dotyczy konflikt mi\u0119dzy stronami: \u2013 Privatrechtsschutz: [&hellip;]<\/p>\n","protected":false},"author":1,"featured_media":539,"comment_status":"open","ping_status":"open","sticky":false,"template":"","format":"standard","meta":{"_exactmetrics_skip_tracking":false,"_exactmetrics_sitenote_active":false,"_exactmetrics_sitenote_note":"","_exactmetrics_sitenote_category":0,"footnotes":""},"categories":[1],"tags":[],"class_list":{"0":"post-538","1":"post","2":"type-post","3":"status-publish","4":"format-standard","5":"has-post-thumbnail","7":"category-bez-kategorii","8":"czr-hentry"},"yoast_head":"<!-- This site is optimized with the Yoast SEO plugin v27.5 - https:\/\/yoast.com\/product\/yoast-seo-wordpress\/ -->\n<title>Ubezpieczenie ochrony prawnej w Niemczech (Rechtsschutzversicherung) - Urbanowicz \u0141ukasz<\/title>\n<meta name=\"description\" content=\"Je\u017celi poszukujesz najlepsze ubezpieczenie ochrony prawnej w Niemczech, zg\u0142o\u015b si\u0119 do nas! Pomo\u017cemy Ci podj\u0105\u0107 odpowiedni dla Twojej sytuacji wyb\u00f3r.\" \/>\n<meta name=\"robots\" content=\"index, follow, max-snippet:-1, max-image-preview:large, max-video-preview:-1\" \/>\n<link rel=\"canonical\" href=\"https:\/\/ubezpieczenia.berlin\/index.php\/2018\/09\/04\/ubezpieczenie-prawne\/\" \/>\n<meta property=\"og:locale\" content=\"pl_PL\" \/>\n<meta property=\"og:type\" content=\"article\" \/>\n<meta property=\"og:title\" content=\"Ubezpieczenie ochrony prawnej w Niemczech (Rechtsschutzversicherung) - Urbanowicz \u0141ukasz\" \/>\n<meta property=\"og:description\" content=\"Je\u017celi poszukujesz najlepsze ubezpieczenie ochrony prawnej w Niemczech, zg\u0142o\u015b si\u0119 do nas! Pomo\u017cemy Ci podj\u0105\u0107 odpowiedni dla Twojej sytuacji wyb\u00f3r.\" \/>\n<meta property=\"og:url\" content=\"https:\/\/ubezpieczenia.berlin\/index.php\/2018\/09\/04\/ubezpieczenie-prawne\/\" \/>\n<meta property=\"og:site_name\" content=\"Urbanowicz \u0141ukasz\" \/>\n<meta property=\"article:publisher\" content=\"https:\/\/www.facebook.com\/UrbanowiczLukas\/\" \/>\n<meta property=\"article:published_time\" content=\"2018-09-04T12:50:51+00:00\" \/>\n<meta property=\"article:modified_time\" content=\"2023-01-11T06:16:01+00:00\" \/>\n<meta property=\"og:image\" content=\"https:\/\/ubezpieczenia.berlin\/wp-content\/uploads\/2018\/09\/Rechtsschutzversicherung.jpg\" \/>\n\t<meta property=\"og:image:width\" content=\"1280\" \/>\n\t<meta property=\"og:image:height\" content=\"960\" \/>\n\t<meta property=\"og:image:type\" content=\"image\/jpeg\" \/>\n<meta name=\"author\" content=\"urbanowicz\" \/>\n<meta name=\"twitter:card\" content=\"summary_large_image\" \/>\n<meta name=\"twitter:label1\" content=\"Napisane przez\" \/>\n\t<meta name=\"twitter:data1\" content=\"urbanowicz\" \/>\n\t<meta name=\"twitter:label2\" content=\"Szacowany czas czytania\" \/>\n\t<meta name=\"twitter:data2\" content=\"1 minuta\" \/>\n<script type=\"application\/ld+json\" class=\"yoast-schema-graph\">{\"@context\":\"https:\\\/\\\/schema.org\",\"@graph\":[{\"@type\":\"Article\",\"@id\":\"https:\\\/\\\/ubezpieczenia.berlin\\\/index.php\\\/2018\\\/09\\\/04\\\/ubezpieczenie-prawne\\\/#article\",\"isPartOf\":{\"@id\":\"https:\\\/\\\/ubezpieczenia.berlin\\\/index.php\\\/2018\\\/09\\\/04\\\/ubezpieczenie-prawne\\\/\"},\"author\":{\"name\":\"urbanowicz\",\"@id\":\"https:\\\/\\\/ubezpieczenia.berlin\\\/#\\\/schema\\\/person\\\/18032732c86a4f6577322c9e98b55ea4\"},\"headline\":\"Ubezpieczenie prawne\",\"datePublished\":\"2018-09-04T12:50:51+00:00\",\"dateModified\":\"2023-01-11T06:16:01+00:00\",\"mainEntityOfPage\":{\"@id\":\"https:\\\/\\\/ubezpieczenia.berlin\\\/index.php\\\/2018\\\/09\\\/04\\\/ubezpieczenie-prawne\\\/\"},\"wordCount\":155,\"commentCount\":0,\"publisher\":{\"@id\":\"https:\\\/\\\/ubezpieczenia.berlin\\\/#organization\"},\"image\":{\"@id\":\"https:\\\/\\\/ubezpieczenia.berlin\\\/index.php\\\/2018\\\/09\\\/04\\\/ubezpieczenie-prawne\\\/#primaryimage\"},\"thumbnailUrl\":\"https:\\\/\\\/ubezpieczenia.berlin\\\/wp-content\\\/uploads\\\/2018\\\/09\\\/Rechtsschutzversicherung.jpg\",\"inLanguage\":\"pl-PL\",\"potentialAction\":[{\"@type\":\"CommentAction\",\"name\":\"Comment\",\"target\":[\"https:\\\/\\\/ubezpieczenia.berlin\\\/index.php\\\/2018\\\/09\\\/04\\\/ubezpieczenie-prawne\\\/#respond\"]}]},{\"@type\":\"WebPage\",\"@id\":\"https:\\\/\\\/ubezpieczenia.berlin\\\/index.php\\\/2018\\\/09\\\/04\\\/ubezpieczenie-prawne\\\/\",\"url\":\"https:\\\/\\\/ubezpieczenia.berlin\\\/index.php\\\/2018\\\/09\\\/04\\\/ubezpieczenie-prawne\\\/\",\"name\":\"Ubezpieczenie ochrony prawnej w Niemczech (Rechtsschutzversicherung) - Urbanowicz \u0141ukasz\",\"isPartOf\":{\"@id\":\"https:\\\/\\\/ubezpieczenia.berlin\\\/#website\"},\"primaryImageOfPage\":{\"@id\":\"https:\\\/\\\/ubezpieczenia.berlin\\\/index.php\\\/2018\\\/09\\\/04\\\/ubezpieczenie-prawne\\\/#primaryimage\"},\"image\":{\"@id\":\"https:\\\/\\\/ubezpieczenia.berlin\\\/index.php\\\/2018\\\/09\\\/04\\\/ubezpieczenie-prawne\\\/#primaryimage\"},\"thumbnailUrl\":\"https:\\\/\\\/ubezpieczenia.berlin\\\/wp-content\\\/uploads\\\/2018\\\/09\\\/Rechtsschutzversicherung.jpg\",\"datePublished\":\"2018-09-04T12:50:51+00:00\",\"dateModified\":\"2023-01-11T06:16:01+00:00\",\"description\":\"Je\u017celi poszukujesz najlepsze ubezpieczenie ochrony prawnej w Niemczech, zg\u0142o\u015b si\u0119 do nas! Pomo\u017cemy Ci podj\u0105\u0107 odpowiedni dla Twojej sytuacji wyb\u00f3r.\",\"breadcrumb\":{\"@id\":\"https:\\\/\\\/ubezpieczenia.berlin\\\/index.php\\\/2018\\\/09\\\/04\\\/ubezpieczenie-prawne\\\/#breadcrumb\"},\"inLanguage\":\"pl-PL\",\"potentialAction\":[{\"@type\":\"ReadAction\",\"target\":[\"https:\\\/\\\/ubezpieczenia.berlin\\\/index.php\\\/2018\\\/09\\\/04\\\/ubezpieczenie-prawne\\\/\"]}]},{\"@type\":\"ImageObject\",\"inLanguage\":\"pl-PL\",\"@id\":\"https:\\\/\\\/ubezpieczenia.berlin\\\/index.php\\\/2018\\\/09\\\/04\\\/ubezpieczenie-prawne\\\/#primaryimage\",\"url\":\"https:\\\/\\\/ubezpieczenia.berlin\\\/wp-content\\\/uploads\\\/2018\\\/09\\\/Rechtsschutzversicherung.jpg\",\"contentUrl\":\"https:\\\/\\\/ubezpieczenia.berlin\\\/wp-content\\\/uploads\\\/2018\\\/09\\\/Rechtsschutzversicherung.jpg\",\"width\":1280,\"height\":960,\"caption\":\"ubezpieczenie Rechtsschutz\"},{\"@type\":\"BreadcrumbList\",\"@id\":\"https:\\\/\\\/ubezpieczenia.berlin\\\/index.php\\\/2018\\\/09\\\/04\\\/ubezpieczenie-prawne\\\/#breadcrumb\",\"itemListElement\":[{\"@type\":\"ListItem\",\"position\":1,\"name\":\"Strona g\u0142\u00f3wna\",\"item\":\"https:\\\/\\\/ubezpieczenia.berlin\\\/\"},{\"@type\":\"ListItem\",\"position\":2,\"name\":\"Ubezpieczenie prawne\"}]},{\"@type\":\"WebSite\",\"@id\":\"https:\\\/\\\/ubezpieczenia.berlin\\\/#website\",\"url\":\"https:\\\/\\\/ubezpieczenia.berlin\\\/\",\"name\":\"Ubezpiezpieczenia w Berlinie\",\"description\":\"\",\"publisher\":{\"@id\":\"https:\\\/\\\/ubezpieczenia.berlin\\\/#organization\"},\"potentialAction\":[{\"@type\":\"SearchAction\",\"target\":{\"@type\":\"EntryPoint\",\"urlTemplate\":\"https:\\\/\\\/ubezpieczenia.berlin\\\/?s={search_term_string}\"},\"query-input\":{\"@type\":\"PropertyValueSpecification\",\"valueRequired\":true,\"valueName\":\"search_term_string\"}}],\"inLanguage\":\"pl-PL\"},{\"@type\":\"Organization\",\"@id\":\"https:\\\/\\\/ubezpieczenia.berlin\\\/#organization\",\"name\":\"Urbanowicz \u0141ukasz Versicherungsmakler\",\"url\":\"https:\\\/\\\/ubezpieczenia.berlin\\\/\",\"logo\":{\"@type\":\"ImageObject\",\"inLanguage\":\"pl-PL\",\"@id\":\"https:\\\/\\\/ubezpieczenia.berlin\\\/#\\\/schema\\\/logo\\\/image\\\/\",\"url\":\"http:\\\/\\\/ubezpieczenia.berlin\\\/wp-content\\\/uploads\\\/2018\\\/04\\\/Urbanowicz-\u0141ukasz-ubezpieczenia-w-Niemczech.jpg\",\"contentUrl\":\"http:\\\/\\\/ubezpieczenia.berlin\\\/wp-content\\\/uploads\\\/2018\\\/04\\\/Urbanowicz-\u0141ukasz-ubezpieczenia-w-Niemczech.jpg\",\"width\":765,\"height\":217,\"caption\":\"Urbanowicz \u0141ukasz Versicherungsmakler\"},\"image\":{\"@id\":\"https:\\\/\\\/ubezpieczenia.berlin\\\/#\\\/schema\\\/logo\\\/image\\\/\"},\"sameAs\":[\"https:\\\/\\\/www.facebook.com\\\/UrbanowiczLukas\\\/\",\"https:\\\/\\\/www.instagram.com\\\/urbanowiczlukas\\\/\"]},{\"@type\":\"Person\",\"@id\":\"https:\\\/\\\/ubezpieczenia.berlin\\\/#\\\/schema\\\/person\\\/18032732c86a4f6577322c9e98b55ea4\",\"name\":\"urbanowicz\",\"image\":{\"@type\":\"ImageObject\",\"inLanguage\":\"pl-PL\",\"@id\":\"https:\\\/\\\/secure.gravatar.com\\\/avatar\\\/5610cb91b3fe12487892e6287419a082f77b1183231a5a9817cc9ef81bff3e2c?s=96&d=mm&r=g\",\"url\":\"https:\\\/\\\/secure.gravatar.com\\\/avatar\\\/5610cb91b3fe12487892e6287419a082f77b1183231a5a9817cc9ef81bff3e2c?s=96&d=mm&r=g\",\"contentUrl\":\"https:\\\/\\\/secure.gravatar.com\\\/avatar\\\/5610cb91b3fe12487892e6287419a082f77b1183231a5a9817cc9ef81bff3e2c?s=96&d=mm&r=g\",\"caption\":\"urbanowicz\"}}]}<\/script>\n<!-- \/ Yoast SEO plugin. -->","yoast_head_json":{"title":"Ubezpieczenie ochrony prawnej w Niemczech (Rechtsschutzversicherung) - Urbanowicz \u0141ukasz","description":"Je\u017celi poszukujesz najlepsze ubezpieczenie ochrony prawnej w Niemczech, zg\u0142o\u015b si\u0119 do nas! Pomo\u017cemy Ci podj\u0105\u0107 odpowiedni dla Twojej sytuacji wyb\u00f3r.","robots":{"index":"index","follow":"follow","max-snippet":"max-snippet:-1","max-image-preview":"max-image-preview:large","max-video-preview":"max-video-preview:-1"},"canonical":"https:\/\/ubezpieczenia.berlin\/index.php\/2018\/09\/04\/ubezpieczenie-prawne\/","og_locale":"pl_PL","og_type":"article","og_title":"Ubezpieczenie ochrony prawnej w Niemczech (Rechtsschutzversicherung) - Urbanowicz \u0141ukasz","og_description":"Je\u017celi poszukujesz najlepsze ubezpieczenie ochrony prawnej w Niemczech, zg\u0142o\u015b si\u0119 do nas! Pomo\u017cemy Ci podj\u0105\u0107 odpowiedni dla Twojej sytuacji wyb\u00f3r.","og_url":"https:\/\/ubezpieczenia.berlin\/index.php\/2018\/09\/04\/ubezpieczenie-prawne\/","og_site_name":"Urbanowicz \u0141ukasz","article_publisher":"https:\/\/www.facebook.com\/UrbanowiczLukas\/","article_published_time":"2018-09-04T12:50:51+00:00","article_modified_time":"2023-01-11T06:16:01+00:00","og_image":[{"width":1280,"height":960,"url":"https:\/\/ubezpieczenia.berlin\/wp-content\/uploads\/2018\/09\/Rechtsschutzversicherung.jpg","type":"image\/jpeg"}],"author":"urbanowicz","twitter_card":"summary_large_image","twitter_misc":{"Napisane przez":"urbanowicz","Szacowany czas czytania":"1 minuta"},"schema":{"@context":"https:\/\/schema.org","@graph":[{"@type":"Article","@id":"https:\/\/ubezpieczenia.berlin\/index.php\/2018\/09\/04\/ubezpieczenie-prawne\/#article","isPartOf":{"@id":"https:\/\/ubezpieczenia.berlin\/index.php\/2018\/09\/04\/ubezpieczenie-prawne\/"},"author":{"name":"urbanowicz","@id":"https:\/\/ubezpieczenia.berlin\/#\/schema\/person\/18032732c86a4f6577322c9e98b55ea4"},"headline":"Ubezpieczenie prawne","datePublished":"2018-09-04T12:50:51+00:00","dateModified":"2023-01-11T06:16:01+00:00","mainEntityOfPage":{"@id":"https:\/\/ubezpieczenia.berlin\/index.php\/2018\/09\/04\/ubezpieczenie-prawne\/"},"wordCount":155,"commentCount":0,"publisher":{"@id":"https:\/\/ubezpieczenia.berlin\/#organization"},"image":{"@id":"https:\/\/ubezpieczenia.berlin\/index.php\/2018\/09\/04\/ubezpieczenie-prawne\/#primaryimage"},"thumbnailUrl":"https:\/\/ubezpieczenia.berlin\/wp-content\/uploads\/2018\/09\/Rechtsschutzversicherung.jpg","inLanguage":"pl-PL","potentialAction":[{"@type":"CommentAction","name":"Comment","target":["https:\/\/ubezpieczenia.berlin\/index.php\/2018\/09\/04\/ubezpieczenie-prawne\/#respond"]}]},{"@type":"WebPage","@id":"https:\/\/ubezpieczenia.berlin\/index.php\/2018\/09\/04\/ubezpieczenie-prawne\/","url":"https:\/\/ubezpieczenia.berlin\/index.php\/2018\/09\/04\/ubezpieczenie-prawne\/","name":"Ubezpieczenie ochrony prawnej w Niemczech (Rechtsschutzversicherung) - Urbanowicz \u0141ukasz","isPartOf":{"@id":"https:\/\/ubezpieczenia.berlin\/#website"},"primaryImageOfPage":{"@id":"https:\/\/ubezpieczenia.berlin\/index.php\/2018\/09\/04\/ubezpieczenie-prawne\/#primaryimage"},"image":{"@id":"https:\/\/ubezpieczenia.berlin\/index.php\/2018\/09\/04\/ubezpieczenie-prawne\/#primaryimage"},"thumbnailUrl":"https:\/\/ubezpieczenia.berlin\/wp-content\/uploads\/2018\/09\/Rechtsschutzversicherung.jpg","datePublished":"2018-09-04T12:50:51+00:00","dateModified":"2023-01-11T06:16:01+00:00","description":"Je\u017celi poszukujesz najlepsze ubezpieczenie ochrony prawnej w Niemczech, zg\u0142o\u015b si\u0119 do nas! Pomo\u017cemy Ci podj\u0105\u0107 odpowiedni dla Twojej sytuacji wyb\u00f3r.","breadcrumb":{"@id":"https:\/\/ubezpieczenia.berlin\/index.php\/2018\/09\/04\/ubezpieczenie-prawne\/#breadcrumb"},"inLanguage":"pl-PL","potentialAction":[{"@type":"ReadAction","target":["https:\/\/ubezpieczenia.berlin\/index.php\/2018\/09\/04\/ubezpieczenie-prawne\/"]}]},{"@type":"ImageObject","inLanguage":"pl-PL","@id":"https:\/\/ubezpieczenia.berlin\/index.php\/2018\/09\/04\/ubezpieczenie-prawne\/#primaryimage","url":"https:\/\/ubezpieczenia.berlin\/wp-content\/uploads\/2018\/09\/Rechtsschutzversicherung.jpg","contentUrl":"https:\/\/ubezpieczenia.berlin\/wp-content\/uploads\/2018\/09\/Rechtsschutzversicherung.jpg","width":1280,"height":960,"caption":"ubezpieczenie Rechtsschutz"},{"@type":"BreadcrumbList","@id":"https:\/\/ubezpieczenia.berlin\/index.php\/2018\/09\/04\/ubezpieczenie-prawne\/#breadcrumb","itemListElement":[{"@type":"ListItem","position":1,"name":"Strona g\u0142\u00f3wna","item":"https:\/\/ubezpieczenia.berlin\/"},{"@type":"ListItem","position":2,"name":"Ubezpieczenie prawne"}]},{"@type":"WebSite","@id":"https:\/\/ubezpieczenia.berlin\/#website","url":"https:\/\/ubezpieczenia.berlin\/","name":"Ubezpiezpieczenia w Berlinie","description":"","publisher":{"@id":"https:\/\/ubezpieczenia.berlin\/#organization"},"potentialAction":[{"@type":"SearchAction","target":{"@type":"EntryPoint","urlTemplate":"https:\/\/ubezpieczenia.berlin\/?s={search_term_string}"},"query-input":{"@type":"PropertyValueSpecification","valueRequired":true,"valueName":"search_term_string"}}],"inLanguage":"pl-PL"},{"@type":"Organization","@id":"https:\/\/ubezpieczenia.berlin\/#organization","name":"Urbanowicz \u0141ukasz Versicherungsmakler","url":"https:\/\/ubezpieczenia.berlin\/","logo":{"@type":"ImageObject","inLanguage":"pl-PL","@id":"https:\/\/ubezpieczenia.berlin\/#\/schema\/logo\/image\/","url":"http:\/\/ubezpieczenia.berlin\/wp-content\/uploads\/2018\/04\/Urbanowicz-\u0141ukasz-ubezpieczenia-w-Niemczech.jpg","contentUrl":"http:\/\/ubezpieczenia.berlin\/wp-content\/uploads\/2018\/04\/Urbanowicz-\u0141ukasz-ubezpieczenia-w-Niemczech.jpg","width":765,"height":217,"caption":"Urbanowicz \u0141ukasz Versicherungsmakler"},"image":{"@id":"https:\/\/ubezpieczenia.berlin\/#\/schema\/logo\/image\/"},"sameAs":["https:\/\/www.facebook.com\/UrbanowiczLukas\/","https:\/\/www.instagram.com\/urbanowiczlukas\/"]},{"@type":"Person","@id":"https:\/\/ubezpieczenia.berlin\/#\/schema\/person\/18032732c86a4f6577322c9e98b55ea4","name":"urbanowicz","image":{"@type":"ImageObject","inLanguage":"pl-PL","@id":"https:\/\/secure.gravatar.com\/avatar\/5610cb91b3fe12487892e6287419a082f77b1183231a5a9817cc9ef81bff3e2c?s=96&d=mm&r=g","url":"https:\/\/secure.gravatar.com\/avatar\/5610cb91b3fe12487892e6287419a082f77b1183231a5a9817cc9ef81bff3e2c?s=96&d=mm&r=g","contentUrl":"https:\/\/secure.gravatar.com\/avatar\/5610cb91b3fe12487892e6287419a082f77b1183231a5a9817cc9ef81bff3e2c?s=96&d=mm&r=g","caption":"urbanowicz"}}]}},"_links":{"self":[{"href":"https:\/\/ubezpieczenia.berlin\/index.php\/wp-json\/wp\/v2\/posts\/538","targetHints":{"allow":["GET"]}}],"collection":[{"href":"https:\/\/ubezpieczenia.berlin\/index.php\/wp-json\/wp\/v2\/posts"}],"about":[{"href":"https:\/\/ubezpieczenia.berlin\/index.php\/wp-json\/wp\/v2\/types\/post"}],"author":[{"embeddable":true,"href":"https:\/\/ubezpieczenia.berlin\/index.php\/wp-json\/wp\/v2\/users\/1"}],"replies":[{"embeddable":true,"href":"https:\/\/ubezpieczenia.berlin\/index.php\/wp-json\/wp\/v2\/comments?post=538"}],"version-history":[{"count":11,"href":"https:\/\/ubezpieczenia.berlin\/index.php\/wp-json\/wp\/v2\/posts\/538\/revisions"}],"predecessor-version":[{"id":1760,"href":"https:\/\/ubezpieczenia.berlin\/index.php\/wp-json\/wp\/v2\/posts\/538\/revisions\/1760"}],"wp:featuredmedia":[{"embeddable":true,"href":"https:\/\/ubezpieczenia.berlin\/index.php\/wp-json\/wp\/v2\/media\/539"}],"wp:attachment":[{"href":"https:\/\/ubezpieczenia.berlin\/index.php\/wp-json\/wp\/v2\/media?parent=538"}],"wp:term":[{"taxonomy":"category","embeddable":true,"href":"https:\/\/ubezpieczenia.berlin\/index.php\/wp-json\/wp\/v2\/categories?post=538"},{"taxonomy":"post_tag","embeddable":true,"href":"https:\/\/ubezpieczenia.berlin\/index.php\/wp-json\/wp\/v2\/tags?post=538"}],"curies":[{"name":"wp","href":"https:\/\/api.w.org\/{rel}","templated":true}]}}