{"id":493,"date":"2018-09-04T14:00:26","date_gmt":"2018-09-04T12:00:26","guid":{"rendered":"http:\/\/ubezpieczenia.berlin\/?p=493"},"modified":"2022-09-27T14:00:54","modified_gmt":"2022-09-27T12:00:54","slug":"ubezpieczenia-dla-firm-gewerbeversicherungen","status":"publish","type":"post","link":"https:\/\/ubezpieczenia.berlin\/index.php\/2018\/09\/04\/ubezpieczenia-dla-firm-gewerbeversicherungen\/","title":{"rendered":"Ubezpieczenia dla firmy &#8211; Gewerbeversicherungen"},"content":{"rendered":"<p class=\"font_8\"><span dir=\"ltr\" role=\"presentation\">Osoby prowadz\u0105ce dzia\u0142alno\u015b\u0107 gospodarcz\u0105 u naszych zachodnich s\u0105siad\u00f3w powinny zatroszczy\u0107 si\u0119 o wykupienie <\/span><span dir=\"ltr\" role=\"presentation\">odpowiedniej polisy, kt\u00f3ra ochroni firm\u0119 przed niepotrzebnymi stratami finansowymi. Ubezpieczenie OC dla biznesu <\/span><span dir=\"ltr\" role=\"presentation\">zmniejsza ryzyko ich wyst\u0105pienia, dodatkowo zabezpieczaj\u0105c przedsi\u0119biorstwo przed roszczeniami nieuprawnionymi.<\/span><br role=\"presentation\" \/><span dir=\"ltr\" role=\"presentation\">Niezale\u017cnie od bran\u017cy zawsze istnieje prawdopodobie\u0144stwo wyrz\u0105dzenia szk\u00f3d osobom trzecim wskutek prowadzonej <\/span><span dir=\"ltr\" role=\"presentation\">dzia\u0142alno\u015bci. Dzi\u0119ki w\u0142a\u015bciwie dobranej polisie OC przedsi\u0119biorcy b\u0119d\u0105 przygotowani na r\u00f3\u017cne ewentualno\u015bci.<\/p>\n<p>Warto r\u00f3wnie\u017c zaznaczy\u0107, \u017ce w przypadku niekt\u00f3rych zawod\u00f3w takich jak architekci, rzeczoznawcy, doradcy, ze wzgl\u0119du na rodzaj wykonywanej dzia\u0142alno\u015bci ubezpieczenie OC firmy jest obowi\u0105zkowe.<br \/>\n<\/span><\/p>\n<h2><span dir=\"ltr\" role=\"presentation\">W jakich sytuacjach mo\u017ce mie\u0107 zastosowanie polisa?<\/span><\/h2>\n<p><img loading=\"lazy\" decoding=\"async\" class=\"size-medium wp-image-495 aligncenter\" src=\"https:\/\/ubezpieczenia.berlin\/wp-content\/uploads\/2018\/09\/Firma-300x215.jpg\" alt=\"Betriebshaftpflicht\" width=\"300\" height=\"215\" srcset=\"https:\/\/ubezpieczenia.berlin\/wp-content\/uploads\/2018\/09\/Firma-300x215.jpg 300w, https:\/\/ubezpieczenia.berlin\/wp-content\/uploads\/2018\/09\/Firma-768x550.jpg 768w, https:\/\/ubezpieczenia.berlin\/wp-content\/uploads\/2018\/09\/Firma-1024x733.jpg 1024w, https:\/\/ubezpieczenia.berlin\/wp-content\/uploads\/2018\/09\/Firma.jpg 1280w\" sizes=\"auto, (max-width: 300px) 100vw, 300px\" \/><\/p>\n<p><span dir=\"ltr\" role=\"presentation\">W Niemczech ubezpieczenie OC dla firm obowi\u0105zuje w przypadku szk\u00f3d wywo\u0142anych osobom trzecim w spos\u00f3b <\/span><span dir=\"ltr\" role=\"presentation\">nieumy\u015blny. Wyr\u00f3\u017cniamy:<\/span><br role=\"presentation\" \/><span dir=\"ltr\" role=\"presentation\">&#8211; Sachschaden, czyli szkody materialne,<\/span><br role=\"presentation\" \/><span dir=\"ltr\" role=\"presentation\">&#8211; Personenschaden, czyli szkody osobowe,<\/span><br role=\"presentation\" \/><span dir=\"ltr\" role=\"presentation\">&#8211; Verm\u00f6gensschaden, czyli szkody maj\u0105tkowe.<\/span><br role=\"presentation\" \/><span dir=\"ltr\" role=\"presentation\">Pakiet ochronny mo\u017ce by\u0107 jednak dodatkowo rozszerzany w zale\u017cno\u015bci od potrzeb i profilu dzia\u0142alno\u015bci firmy. Wa\u017cne jest <\/span><span dir=\"ltr\" role=\"presentation\">wi\u0119c w\u0142a\u015bciwe zidentyfikowanie mo\u017cliwego ryzyka. Zakres ubezpieczenia zale\u017cy ponadto nie tylko od rodzaju bran\u017cy, ale <\/span><span dir=\"ltr\" role=\"presentation\">te\u017c od liczby zatrudnionych os\u00f3b czy wysoko\u015bci rocznego obrotu. Rozszerzona polisa mo\u017ce dotyczy\u0107 na przyk\u0142ad szk\u00f3d<\/span><br role=\"presentation\" \/><span dir=\"ltr\" role=\"presentation\">powsta\u0142ych w magazynach i budynkach czy te\u017c wyrz\u0105dzonych na \u015brodowisko naturalnym. Ubezpieczenie OC powinno <\/span><span dir=\"ltr\" role=\"presentation\">obejmowa\u0107 wszystkich zatrudnionych pracownik\u00f3w.<\/span><\/p>\n<p><span dir=\"ltr\" role=\"presentation\">Polisa nie jest za\u015b uznawana w przypadku szk\u00f3d wywo\u0142anych celowo. Nie pokryje r\u00f3wnie\u017c strat <\/span><span dir=\"ltr\" role=\"presentation\">niezwi\u0105zanych z dzia\u0142alno\u015bci\u0105 przedsi\u0119biorstwa ani szk\u00f3d w\u0142asnych.<\/span><br role=\"presentation\" \/><strong><span dir=\"ltr\" role=\"presentation\">Zach\u0119camy do kontaktu<\/span><\/strong><br role=\"presentation\" \/><span dir=\"ltr\" role=\"presentation\">Przej\u0119cie<\/span> <span dir=\"ltr\" role=\"presentation\">odpowiedzialno\u015bci<\/span> <span dir=\"ltr\" role=\"presentation\">za<\/span> <span dir=\"ltr\" role=\"presentation\">szkody<\/span> <span dir=\"ltr\" role=\"presentation\">wyrz\u0105dzone<\/span> <span dir=\"ltr\" role=\"presentation\">osobom<\/span> <span dir=\"ltr\" role=\"presentation\">trzecim<\/span> <span dir=\"ltr\" role=\"presentation\">w<\/span> <span dir=\"ltr\" role=\"presentation\">zwi\u0105zku<\/span> <span dir=\"ltr\" role=\"presentation\">z<\/span> <span dir=\"ltr\" role=\"presentation\">prowadzeniem<\/span> <span dir=\"ltr\" role=\"presentation\">dzia\u0142alno\u015bci <\/span><span dir=\"ltr\" role=\"presentation\">gospodarczej wpisane jest w obowi\u0105zki ka\u017cdego w\u0142a\u015bciciela firmy. Ch\u0119tnie doradzimy w sprawie tego, jaki zakres ochrony <\/span><span dir=\"ltr\" role=\"presentation\">b\u0119dzie odpowiedni dla prowadzonego przed Ciebie przedsi\u0119biorstwa \u2013 dzia\u0142alno\u015bci jednoosobowej, ale i<\/span> <span dir=\"ltr\" role=\"presentation\">firmy <\/span><span dir=\"ltr\" role=\"presentation\">zatrudniaj\u0105cej wielu pracownik\u00f3w. Zapraszamy do zak\u0142adki \u201eKontakt\u201d \u2013 tam znajdziesz wszystkie potrzebne informacje.<\/span><\/p>\n","protected":false},"excerpt":{"rendered":"<p>Osoby prowadz\u0105ce dzia\u0142alno\u015b\u0107 gospodarcz\u0105 u naszych zachodnich s\u0105siad\u00f3w powinny zatroszczy\u0107 si\u0119 o wykupienie odpowiedniej polisy, kt\u00f3ra ochroni firm\u0119 przed niepotrzebnymi stratami finansowymi. Ubezpieczenie OC dla biznesu zmniejsza ryzyko ich wyst\u0105pienia, dodatkowo zabezpieczaj\u0105c przedsi\u0119biorstwo przed roszczeniami nieuprawnionymi.Niezale\u017cnie od bran\u017cy zawsze istnieje prawdopodobie\u0144stwo wyrz\u0105dzenia szk\u00f3d osobom trzecim wskutek prowadzonej dzia\u0142alno\u015bci. Dzi\u0119ki w\u0142a\u015bciwie dobranej polisie OC przedsi\u0119biorcy b\u0119d\u0105 [&hellip;]<\/p>\n","protected":false},"author":1,"featured_media":495,"comment_status":"open","ping_status":"open","sticky":false,"template":"","format":"standard","meta":{"_exactmetrics_skip_tracking":false,"_exactmetrics_sitenote_active":false,"_exactmetrics_sitenote_note":"","_exactmetrics_sitenote_category":0,"footnotes":""},"categories":[1],"tags":[],"class_list":{"0":"post-493","1":"post","2":"type-post","3":"status-publish","4":"format-standard","5":"has-post-thumbnail","7":"category-bez-kategorii","8":"czr-hentry"},"yoast_head":"<!-- This site is optimized with the Yoast SEO plugin v27.5 - https:\/\/yoast.com\/product\/yoast-seo-wordpress\/ -->\n<title>Ubezpieczenie firmy w Niemczech (Gewerbeversicherungen) - Urbanowicz \u0141ukasz<\/title>\n<meta name=\"description\" content=\"Ubezpieczenie firmy w Niemczech jest niezwykle istotne dla os\u00f3b prowadz\u0105cych tam swe przedsi\u0119biorstwo - pomo\u017cemy Ci dobra\u0107 odpowiedni pakiet dla Ciebie.\" \/>\n<meta name=\"robots\" content=\"index, follow, max-snippet:-1, max-image-preview:large, max-video-preview:-1\" \/>\n<link rel=\"canonical\" href=\"https:\/\/ubezpieczenia.berlin\/index.php\/2018\/09\/04\/ubezpieczenia-dla-firm-gewerbeversicherungen\/\" \/>\n<meta property=\"og:locale\" content=\"pl_PL\" \/>\n<meta property=\"og:type\" content=\"article\" \/>\n<meta property=\"og:title\" content=\"Ubezpieczenie firmy w Niemczech (Gewerbeversicherungen) - Urbanowicz \u0141ukasz\" \/>\n<meta property=\"og:description\" content=\"Ubezpieczenie firmy w Niemczech jest niezwykle istotne dla os\u00f3b prowadz\u0105cych tam swe przedsi\u0119biorstwo - pomo\u017cemy Ci dobra\u0107 odpowiedni pakiet dla Ciebie.\" \/>\n<meta property=\"og:url\" content=\"https:\/\/ubezpieczenia.berlin\/index.php\/2018\/09\/04\/ubezpieczenia-dla-firm-gewerbeversicherungen\/\" \/>\n<meta property=\"og:site_name\" content=\"Urbanowicz \u0141ukasz\" \/>\n<meta property=\"article:publisher\" content=\"https:\/\/www.facebook.com\/UrbanowiczLukas\/\" \/>\n<meta property=\"article:published_time\" content=\"2018-09-04T12:00:26+00:00\" \/>\n<meta property=\"article:modified_time\" content=\"2022-09-27T12:00:54+00:00\" \/>\n<meta property=\"og:image\" content=\"https:\/\/ubezpieczenia.berlin\/wp-content\/uploads\/2018\/09\/Firma.jpg\" \/>\n\t<meta property=\"og:image:width\" content=\"1280\" \/>\n\t<meta property=\"og:image:height\" content=\"916\" \/>\n\t<meta property=\"og:image:type\" content=\"image\/jpeg\" \/>\n<meta name=\"author\" content=\"urbanowicz\" \/>\n<meta name=\"twitter:card\" content=\"summary_large_image\" \/>\n<meta name=\"twitter:label1\" content=\"Napisane przez\" \/>\n\t<meta name=\"twitter:data1\" content=\"urbanowicz\" \/>\n\t<meta name=\"twitter:label2\" content=\"Szacowany czas czytania\" \/>\n\t<meta name=\"twitter:data2\" content=\"2 minuty\" \/>\n<script type=\"application\/ld+json\" class=\"yoast-schema-graph\">{\"@context\":\"https:\\\/\\\/schema.org\",\"@graph\":[{\"@type\":\"Article\",\"@id\":\"https:\\\/\\\/ubezpieczenia.berlin\\\/index.php\\\/2018\\\/09\\\/04\\\/ubezpieczenia-dla-firm-gewerbeversicherungen\\\/#article\",\"isPartOf\":{\"@id\":\"https:\\\/\\\/ubezpieczenia.berlin\\\/index.php\\\/2018\\\/09\\\/04\\\/ubezpieczenia-dla-firm-gewerbeversicherungen\\\/\"},\"author\":{\"name\":\"urbanowicz\",\"@id\":\"https:\\\/\\\/ubezpieczenia.berlin\\\/#\\\/schema\\\/person\\\/18032732c86a4f6577322c9e98b55ea4\"},\"headline\":\"Ubezpieczenia dla firmy &#8211; Gewerbeversicherungen\",\"datePublished\":\"2018-09-04T12:00:26+00:00\",\"dateModified\":\"2022-09-27T12:00:54+00:00\",\"mainEntityOfPage\":{\"@id\":\"https:\\\/\\\/ubezpieczenia.berlin\\\/index.php\\\/2018\\\/09\\\/04\\\/ubezpieczenia-dla-firm-gewerbeversicherungen\\\/\"},\"wordCount\":356,\"commentCount\":0,\"publisher\":{\"@id\":\"https:\\\/\\\/ubezpieczenia.berlin\\\/#organization\"},\"image\":{\"@id\":\"https:\\\/\\\/ubezpieczenia.berlin\\\/index.php\\\/2018\\\/09\\\/04\\\/ubezpieczenia-dla-firm-gewerbeversicherungen\\\/#primaryimage\"},\"thumbnailUrl\":\"https:\\\/\\\/ubezpieczenia.berlin\\\/wp-content\\\/uploads\\\/2018\\\/09\\\/Firma.jpg\",\"inLanguage\":\"pl-PL\",\"potentialAction\":[{\"@type\":\"CommentAction\",\"name\":\"Comment\",\"target\":[\"https:\\\/\\\/ubezpieczenia.berlin\\\/index.php\\\/2018\\\/09\\\/04\\\/ubezpieczenia-dla-firm-gewerbeversicherungen\\\/#respond\"]}]},{\"@type\":\"WebPage\",\"@id\":\"https:\\\/\\\/ubezpieczenia.berlin\\\/index.php\\\/2018\\\/09\\\/04\\\/ubezpieczenia-dla-firm-gewerbeversicherungen\\\/\",\"url\":\"https:\\\/\\\/ubezpieczenia.berlin\\\/index.php\\\/2018\\\/09\\\/04\\\/ubezpieczenia-dla-firm-gewerbeversicherungen\\\/\",\"name\":\"Ubezpieczenie firmy w Niemczech (Gewerbeversicherungen) - Urbanowicz \u0141ukasz\",\"isPartOf\":{\"@id\":\"https:\\\/\\\/ubezpieczenia.berlin\\\/#website\"},\"primaryImageOfPage\":{\"@id\":\"https:\\\/\\\/ubezpieczenia.berlin\\\/index.php\\\/2018\\\/09\\\/04\\\/ubezpieczenia-dla-firm-gewerbeversicherungen\\\/#primaryimage\"},\"image\":{\"@id\":\"https:\\\/\\\/ubezpieczenia.berlin\\\/index.php\\\/2018\\\/09\\\/04\\\/ubezpieczenia-dla-firm-gewerbeversicherungen\\\/#primaryimage\"},\"thumbnailUrl\":\"https:\\\/\\\/ubezpieczenia.berlin\\\/wp-content\\\/uploads\\\/2018\\\/09\\\/Firma.jpg\",\"datePublished\":\"2018-09-04T12:00:26+00:00\",\"dateModified\":\"2022-09-27T12:00:54+00:00\",\"description\":\"Ubezpieczenie firmy w Niemczech jest niezwykle istotne dla os\u00f3b prowadz\u0105cych tam swe przedsi\u0119biorstwo - pomo\u017cemy Ci dobra\u0107 odpowiedni pakiet dla Ciebie.\",\"breadcrumb\":{\"@id\":\"https:\\\/\\\/ubezpieczenia.berlin\\\/index.php\\\/2018\\\/09\\\/04\\\/ubezpieczenia-dla-firm-gewerbeversicherungen\\\/#breadcrumb\"},\"inLanguage\":\"pl-PL\",\"potentialAction\":[{\"@type\":\"ReadAction\",\"target\":[\"https:\\\/\\\/ubezpieczenia.berlin\\\/index.php\\\/2018\\\/09\\\/04\\\/ubezpieczenia-dla-firm-gewerbeversicherungen\\\/\"]}]},{\"@type\":\"ImageObject\",\"inLanguage\":\"pl-PL\",\"@id\":\"https:\\\/\\\/ubezpieczenia.berlin\\\/index.php\\\/2018\\\/09\\\/04\\\/ubezpieczenia-dla-firm-gewerbeversicherungen\\\/#primaryimage\",\"url\":\"https:\\\/\\\/ubezpieczenia.berlin\\\/wp-content\\\/uploads\\\/2018\\\/09\\\/Firma.jpg\",\"contentUrl\":\"https:\\\/\\\/ubezpieczenia.berlin\\\/wp-content\\\/uploads\\\/2018\\\/09\\\/Firma.jpg\",\"width\":1280,\"height\":916,\"caption\":\"Betriebshaftpflicht\"},{\"@type\":\"BreadcrumbList\",\"@id\":\"https:\\\/\\\/ubezpieczenia.berlin\\\/index.php\\\/2018\\\/09\\\/04\\\/ubezpieczenia-dla-firm-gewerbeversicherungen\\\/#breadcrumb\",\"itemListElement\":[{\"@type\":\"ListItem\",\"position\":1,\"name\":\"Strona g\u0142\u00f3wna\",\"item\":\"https:\\\/\\\/ubezpieczenia.berlin\\\/\"},{\"@type\":\"ListItem\",\"position\":2,\"name\":\"Ubezpieczenia dla firmy &#8211; Gewerbeversicherungen\"}]},{\"@type\":\"WebSite\",\"@id\":\"https:\\\/\\\/ubezpieczenia.berlin\\\/#website\",\"url\":\"https:\\\/\\\/ubezpieczenia.berlin\\\/\",\"name\":\"Ubezpiezpieczenia w Berlinie\",\"description\":\"\",\"publisher\":{\"@id\":\"https:\\\/\\\/ubezpieczenia.berlin\\\/#organization\"},\"potentialAction\":[{\"@type\":\"SearchAction\",\"target\":{\"@type\":\"EntryPoint\",\"urlTemplate\":\"https:\\\/\\\/ubezpieczenia.berlin\\\/?s={search_term_string}\"},\"query-input\":{\"@type\":\"PropertyValueSpecification\",\"valueRequired\":true,\"valueName\":\"search_term_string\"}}],\"inLanguage\":\"pl-PL\"},{\"@type\":\"Organization\",\"@id\":\"https:\\\/\\\/ubezpieczenia.berlin\\\/#organization\",\"name\":\"Urbanowicz \u0141ukasz Versicherungsmakler\",\"url\":\"https:\\\/\\\/ubezpieczenia.berlin\\\/\",\"logo\":{\"@type\":\"ImageObject\",\"inLanguage\":\"pl-PL\",\"@id\":\"https:\\\/\\\/ubezpieczenia.berlin\\\/#\\\/schema\\\/logo\\\/image\\\/\",\"url\":\"http:\\\/\\\/ubezpieczenia.berlin\\\/wp-content\\\/uploads\\\/2018\\\/04\\\/Urbanowicz-\u0141ukasz-ubezpieczenia-w-Niemczech.jpg\",\"contentUrl\":\"http:\\\/\\\/ubezpieczenia.berlin\\\/wp-content\\\/uploads\\\/2018\\\/04\\\/Urbanowicz-\u0141ukasz-ubezpieczenia-w-Niemczech.jpg\",\"width\":765,\"height\":217,\"caption\":\"Urbanowicz \u0141ukasz Versicherungsmakler\"},\"image\":{\"@id\":\"https:\\\/\\\/ubezpieczenia.berlin\\\/#\\\/schema\\\/logo\\\/image\\\/\"},\"sameAs\":[\"https:\\\/\\\/www.facebook.com\\\/UrbanowiczLukas\\\/\",\"https:\\\/\\\/www.instagram.com\\\/urbanowiczlukas\\\/\"]},{\"@type\":\"Person\",\"@id\":\"https:\\\/\\\/ubezpieczenia.berlin\\\/#\\\/schema\\\/person\\\/18032732c86a4f6577322c9e98b55ea4\",\"name\":\"urbanowicz\",\"image\":{\"@type\":\"ImageObject\",\"inLanguage\":\"pl-PL\",\"@id\":\"https:\\\/\\\/secure.gravatar.com\\\/avatar\\\/5610cb91b3fe12487892e6287419a082f77b1183231a5a9817cc9ef81bff3e2c?s=96&d=mm&r=g\",\"url\":\"https:\\\/\\\/secure.gravatar.com\\\/avatar\\\/5610cb91b3fe12487892e6287419a082f77b1183231a5a9817cc9ef81bff3e2c?s=96&d=mm&r=g\",\"contentUrl\":\"https:\\\/\\\/secure.gravatar.com\\\/avatar\\\/5610cb91b3fe12487892e6287419a082f77b1183231a5a9817cc9ef81bff3e2c?s=96&d=mm&r=g\",\"caption\":\"urbanowicz\"}}]}<\/script>\n<!-- \/ Yoast SEO plugin. -->","yoast_head_json":{"title":"Ubezpieczenie firmy w Niemczech (Gewerbeversicherungen) - Urbanowicz \u0141ukasz","description":"Ubezpieczenie firmy w Niemczech jest niezwykle istotne dla os\u00f3b prowadz\u0105cych tam swe przedsi\u0119biorstwo - pomo\u017cemy Ci dobra\u0107 odpowiedni pakiet dla Ciebie.","robots":{"index":"index","follow":"follow","max-snippet":"max-snippet:-1","max-image-preview":"max-image-preview:large","max-video-preview":"max-video-preview:-1"},"canonical":"https:\/\/ubezpieczenia.berlin\/index.php\/2018\/09\/04\/ubezpieczenia-dla-firm-gewerbeversicherungen\/","og_locale":"pl_PL","og_type":"article","og_title":"Ubezpieczenie firmy w Niemczech (Gewerbeversicherungen) - Urbanowicz \u0141ukasz","og_description":"Ubezpieczenie firmy w Niemczech jest niezwykle istotne dla os\u00f3b prowadz\u0105cych tam swe przedsi\u0119biorstwo - pomo\u017cemy Ci dobra\u0107 odpowiedni pakiet dla Ciebie.","og_url":"https:\/\/ubezpieczenia.berlin\/index.php\/2018\/09\/04\/ubezpieczenia-dla-firm-gewerbeversicherungen\/","og_site_name":"Urbanowicz \u0141ukasz","article_publisher":"https:\/\/www.facebook.com\/UrbanowiczLukas\/","article_published_time":"2018-09-04T12:00:26+00:00","article_modified_time":"2022-09-27T12:00:54+00:00","og_image":[{"width":1280,"height":916,"url":"https:\/\/ubezpieczenia.berlin\/wp-content\/uploads\/2018\/09\/Firma.jpg","type":"image\/jpeg"}],"author":"urbanowicz","twitter_card":"summary_large_image","twitter_misc":{"Napisane przez":"urbanowicz","Szacowany czas czytania":"2 minuty"},"schema":{"@context":"https:\/\/schema.org","@graph":[{"@type":"Article","@id":"https:\/\/ubezpieczenia.berlin\/index.php\/2018\/09\/04\/ubezpieczenia-dla-firm-gewerbeversicherungen\/#article","isPartOf":{"@id":"https:\/\/ubezpieczenia.berlin\/index.php\/2018\/09\/04\/ubezpieczenia-dla-firm-gewerbeversicherungen\/"},"author":{"name":"urbanowicz","@id":"https:\/\/ubezpieczenia.berlin\/#\/schema\/person\/18032732c86a4f6577322c9e98b55ea4"},"headline":"Ubezpieczenia dla firmy &#8211; Gewerbeversicherungen","datePublished":"2018-09-04T12:00:26+00:00","dateModified":"2022-09-27T12:00:54+00:00","mainEntityOfPage":{"@id":"https:\/\/ubezpieczenia.berlin\/index.php\/2018\/09\/04\/ubezpieczenia-dla-firm-gewerbeversicherungen\/"},"wordCount":356,"commentCount":0,"publisher":{"@id":"https:\/\/ubezpieczenia.berlin\/#organization"},"image":{"@id":"https:\/\/ubezpieczenia.berlin\/index.php\/2018\/09\/04\/ubezpieczenia-dla-firm-gewerbeversicherungen\/#primaryimage"},"thumbnailUrl":"https:\/\/ubezpieczenia.berlin\/wp-content\/uploads\/2018\/09\/Firma.jpg","inLanguage":"pl-PL","potentialAction":[{"@type":"CommentAction","name":"Comment","target":["https:\/\/ubezpieczenia.berlin\/index.php\/2018\/09\/04\/ubezpieczenia-dla-firm-gewerbeversicherungen\/#respond"]}]},{"@type":"WebPage","@id":"https:\/\/ubezpieczenia.berlin\/index.php\/2018\/09\/04\/ubezpieczenia-dla-firm-gewerbeversicherungen\/","url":"https:\/\/ubezpieczenia.berlin\/index.php\/2018\/09\/04\/ubezpieczenia-dla-firm-gewerbeversicherungen\/","name":"Ubezpieczenie firmy w Niemczech (Gewerbeversicherungen) - Urbanowicz \u0141ukasz","isPartOf":{"@id":"https:\/\/ubezpieczenia.berlin\/#website"},"primaryImageOfPage":{"@id":"https:\/\/ubezpieczenia.berlin\/index.php\/2018\/09\/04\/ubezpieczenia-dla-firm-gewerbeversicherungen\/#primaryimage"},"image":{"@id":"https:\/\/ubezpieczenia.berlin\/index.php\/2018\/09\/04\/ubezpieczenia-dla-firm-gewerbeversicherungen\/#primaryimage"},"thumbnailUrl":"https:\/\/ubezpieczenia.berlin\/wp-content\/uploads\/2018\/09\/Firma.jpg","datePublished":"2018-09-04T12:00:26+00:00","dateModified":"2022-09-27T12:00:54+00:00","description":"Ubezpieczenie firmy w Niemczech jest niezwykle istotne dla os\u00f3b prowadz\u0105cych tam swe przedsi\u0119biorstwo - pomo\u017cemy Ci dobra\u0107 odpowiedni pakiet dla Ciebie.","breadcrumb":{"@id":"https:\/\/ubezpieczenia.berlin\/index.php\/2018\/09\/04\/ubezpieczenia-dla-firm-gewerbeversicherungen\/#breadcrumb"},"inLanguage":"pl-PL","potentialAction":[{"@type":"ReadAction","target":["https:\/\/ubezpieczenia.berlin\/index.php\/2018\/09\/04\/ubezpieczenia-dla-firm-gewerbeversicherungen\/"]}]},{"@type":"ImageObject","inLanguage":"pl-PL","@id":"https:\/\/ubezpieczenia.berlin\/index.php\/2018\/09\/04\/ubezpieczenia-dla-firm-gewerbeversicherungen\/#primaryimage","url":"https:\/\/ubezpieczenia.berlin\/wp-content\/uploads\/2018\/09\/Firma.jpg","contentUrl":"https:\/\/ubezpieczenia.berlin\/wp-content\/uploads\/2018\/09\/Firma.jpg","width":1280,"height":916,"caption":"Betriebshaftpflicht"},{"@type":"BreadcrumbList","@id":"https:\/\/ubezpieczenia.berlin\/index.php\/2018\/09\/04\/ubezpieczenia-dla-firm-gewerbeversicherungen\/#breadcrumb","itemListElement":[{"@type":"ListItem","position":1,"name":"Strona g\u0142\u00f3wna","item":"https:\/\/ubezpieczenia.berlin\/"},{"@type":"ListItem","position":2,"name":"Ubezpieczenia dla firmy &#8211; Gewerbeversicherungen"}]},{"@type":"WebSite","@id":"https:\/\/ubezpieczenia.berlin\/#website","url":"https:\/\/ubezpieczenia.berlin\/","name":"Ubezpiezpieczenia w Berlinie","description":"","publisher":{"@id":"https:\/\/ubezpieczenia.berlin\/#organization"},"potentialAction":[{"@type":"SearchAction","target":{"@type":"EntryPoint","urlTemplate":"https:\/\/ubezpieczenia.berlin\/?s={search_term_string}"},"query-input":{"@type":"PropertyValueSpecification","valueRequired":true,"valueName":"search_term_string"}}],"inLanguage":"pl-PL"},{"@type":"Organization","@id":"https:\/\/ubezpieczenia.berlin\/#organization","name":"Urbanowicz \u0141ukasz Versicherungsmakler","url":"https:\/\/ubezpieczenia.berlin\/","logo":{"@type":"ImageObject","inLanguage":"pl-PL","@id":"https:\/\/ubezpieczenia.berlin\/#\/schema\/logo\/image\/","url":"http:\/\/ubezpieczenia.berlin\/wp-content\/uploads\/2018\/04\/Urbanowicz-\u0141ukasz-ubezpieczenia-w-Niemczech.jpg","contentUrl":"http:\/\/ubezpieczenia.berlin\/wp-content\/uploads\/2018\/04\/Urbanowicz-\u0141ukasz-ubezpieczenia-w-Niemczech.jpg","width":765,"height":217,"caption":"Urbanowicz \u0141ukasz Versicherungsmakler"},"image":{"@id":"https:\/\/ubezpieczenia.berlin\/#\/schema\/logo\/image\/"},"sameAs":["https:\/\/www.facebook.com\/UrbanowiczLukas\/","https:\/\/www.instagram.com\/urbanowiczlukas\/"]},{"@type":"Person","@id":"https:\/\/ubezpieczenia.berlin\/#\/schema\/person\/18032732c86a4f6577322c9e98b55ea4","name":"urbanowicz","image":{"@type":"ImageObject","inLanguage":"pl-PL","@id":"https:\/\/secure.gravatar.com\/avatar\/5610cb91b3fe12487892e6287419a082f77b1183231a5a9817cc9ef81bff3e2c?s=96&d=mm&r=g","url":"https:\/\/secure.gravatar.com\/avatar\/5610cb91b3fe12487892e6287419a082f77b1183231a5a9817cc9ef81bff3e2c?s=96&d=mm&r=g","contentUrl":"https:\/\/secure.gravatar.com\/avatar\/5610cb91b3fe12487892e6287419a082f77b1183231a5a9817cc9ef81bff3e2c?s=96&d=mm&r=g","caption":"urbanowicz"}}]}},"_links":{"self":[{"href":"https:\/\/ubezpieczenia.berlin\/index.php\/wp-json\/wp\/v2\/posts\/493","targetHints":{"allow":["GET"]}}],"collection":[{"href":"https:\/\/ubezpieczenia.berlin\/index.php\/wp-json\/wp\/v2\/posts"}],"about":[{"href":"https:\/\/ubezpieczenia.berlin\/index.php\/wp-json\/wp\/v2\/types\/post"}],"author":[{"embeddable":true,"href":"https:\/\/ubezpieczenia.berlin\/index.php\/wp-json\/wp\/v2\/users\/1"}],"replies":[{"embeddable":true,"href":"https:\/\/ubezpieczenia.berlin\/index.php\/wp-json\/wp\/v2\/comments?post=493"}],"version-history":[{"count":17,"href":"https:\/\/ubezpieczenia.berlin\/index.php\/wp-json\/wp\/v2\/posts\/493\/revisions"}],"predecessor-version":[{"id":1591,"href":"https:\/\/ubezpieczenia.berlin\/index.php\/wp-json\/wp\/v2\/posts\/493\/revisions\/1591"}],"wp:featuredmedia":[{"embeddable":true,"href":"https:\/\/ubezpieczenia.berlin\/index.php\/wp-json\/wp\/v2\/media\/495"}],"wp:attachment":[{"href":"https:\/\/ubezpieczenia.berlin\/index.php\/wp-json\/wp\/v2\/media?parent=493"}],"wp:term":[{"taxonomy":"category","embeddable":true,"href":"https:\/\/ubezpieczenia.berlin\/index.php\/wp-json\/wp\/v2\/categories?post=493"},{"taxonomy":"post_tag","embeddable":true,"href":"https:\/\/ubezpieczenia.berlin\/index.php\/wp-json\/wp\/v2\/tags?post=493"}],"curies":[{"name":"wp","href":"https:\/\/api.w.org\/{rel}","templated":true}]}}